{"id":91,"date":"2014-04-21T15:15:07","date_gmt":"2014-04-21T13:15:07","guid":{"rendered":"http:\/\/artisan-bois-sabots.fr\/wp\/?p=91"},"modified":"2019-01-16T19:15:45","modified_gmt":"2019-01-16T18:15:45","slug":"40-groupes-folkloriques","status":"publish","type":"post","link":"http:\/\/artisan-bois-sabots.fr\/wp\/?p=91","title":{"rendered":"Groupes folkloriques"},"content":{"rendered":"<p><a title=\"La Bethmalaise\" href=\"http:\/\/www.labethmalaise.com\" target=\"_blank\" rel=\"noopener\">La Bethmalaise<\/a> : le groupe folklorique de la vall\u00e9e de Bethmale.<\/p>\n<p><a href=\"https:\/\/www.biroussan.com\/\" target=\"_blank\" rel=\"noopener\">Les Biroussans<\/a> : le groupe folklorique de la vall\u00e9e du Biros<\/p>\n<p><a href=\"http:\/\/www.bethmalais.com\/\" target=\"_blank\" rel=\"noopener\">Les Bethmalais<\/a> : groupe folklorique \u00e0 Saint-Girons.<\/p>\n<p><a href=\"http:\/\/www.lesliadoures.fr\/\">Les Liadoures <\/a>: groupe folklorique de la vall\u00e9e de Massat<\/p>\n","protected":false},"excerpt":{"rendered":"<p>La Bethmalaise : le groupe folklorique de la vall\u00e9e de Bethmale. Les Biroussans : le groupe folklorique de la vall\u00e9e du Biros Les Bethmalais : groupe folklorique \u00e0 Saint-Girons. Les Liadoures : groupe folklorique de la vall\u00e9e de Massat<\/p>\n","protected":false},"author":1,"featured_media":268,"comment_status":"closed","ping_status":"closed","sticky":false,"template":"","format":"standard","meta":{"footnotes":""},"categories":[27],"tags":[166,167,146,168],"yoast_head":"<!-- This site is optimized with the Yoast SEO plugin v22.8 - https:\/\/yoast.com\/wordpress\/plugins\/seo\/ -->\n<title>Groupes folkloriques - Pascal Jusot - Artisan sabotier<\/title>\n<meta name=\"description\" content=\"Les groupes folkloriques du Couserans sont le t\u00e9moignage d&#039;une culture populaire tr\u00e8s vivante dans les Pyr\u00e9n\u00e9es. Ils animent de nombreuses manifestations dans nos vall\u00e9es.\" \/>\n<meta name=\"robots\" content=\"index, follow, max-snippet:-1, max-image-preview:large, max-video-preview:-1\" \/>\n<link rel=\"canonical\" href=\"http:\/\/artisan-bois-sabots.fr\/wp\/?p=91\" \/>\n<meta property=\"og:locale\" content=\"fr_FR\" \/>\n<meta property=\"og:type\" content=\"article\" \/>\n<meta property=\"og:title\" content=\"Groupes folkloriques - Pascal Jusot - Artisan sabotier\" \/>\n<meta property=\"og:description\" content=\"Les groupes folkloriques du Couserans sont le t\u00e9moignage d&#039;une culture populaire tr\u00e8s vivante dans les Pyr\u00e9n\u00e9es. Ils animent de nombreuses manifestations dans nos vall\u00e9es.\" \/>\n<meta property=\"og:url\" content=\"http:\/\/artisan-bois-sabots.fr\/wp\/?p=91\" \/>\n<meta property=\"og:site_name\" content=\"Pascal Jusot - Artisan sabotier\" \/>\n<meta property=\"article:published_time\" content=\"2014-04-21T13:15:07+00:00\" \/>\n<meta property=\"article:modified_time\" content=\"2019-01-16T18:15:45+00:00\" \/>\n<meta property=\"og:image\" content=\"http:\/\/artisan-bois-sabots.fr\/wp\/wp-content\/uploads\/2014\/08\/danse.png\" \/>\n\t<meta property=\"og:image:width\" content=\"904\" \/>\n\t<meta property=\"og:image:height\" content=\"859\" \/>\n\t<meta property=\"og:image:type\" content=\"image\/png\" \/>\n<meta name=\"author\" content=\"admin\" \/>\n<meta name=\"twitter:label1\" content=\"\u00c9crit par\" \/>\n\t<meta name=\"twitter:data1\" content=\"admin\" \/>\n<script type=\"application\/ld+json\" class=\"yoast-schema-graph\">{\"@context\":\"https:\/\/schema.org\",\"@graph\":[{\"@type\":\"WebPage\",\"@id\":\"http:\/\/artisan-bois-sabots.fr\/wp\/?p=91\",\"url\":\"http:\/\/artisan-bois-sabots.fr\/wp\/?p=91\",\"name\":\"Groupes folkloriques - Pascal Jusot - Artisan sabotier\",\"isPartOf\":{\"@id\":\"http:\/\/artisan-bois-sabots.fr\/wp\/#website\"},\"primaryImageOfPage\":{\"@id\":\"http:\/\/artisan-bois-sabots.fr\/wp\/?p=91#primaryimage\"},\"image\":{\"@id\":\"http:\/\/artisan-bois-sabots.fr\/wp\/?p=91#primaryimage\"},\"thumbnailUrl\":\"http:\/\/artisan-bois-sabots.fr\/wp\/wp-content\/uploads\/2014\/08\/danse.png\",\"datePublished\":\"2014-04-21T13:15:07+00:00\",\"dateModified\":\"2019-01-16T18:15:45+00:00\",\"author\":{\"@id\":\"http:\/\/artisan-bois-sabots.fr\/wp\/#\/schema\/person\/ebfbe943b67f98a260092d7f79fef693\"},\"description\":\"Les groupes folkloriques du Couserans sont le t\u00e9moignage d'une culture populaire tr\u00e8s vivante dans les Pyr\u00e9n\u00e9es. Ils animent de nombreuses manifestations dans nos vall\u00e9es.\",\"breadcrumb\":{\"@id\":\"http:\/\/artisan-bois-sabots.fr\/wp\/?p=91#breadcrumb\"},\"inLanguage\":\"fr-FR\",\"potentialAction\":[{\"@type\":\"ReadAction\",\"target\":[\"http:\/\/artisan-bois-sabots.fr\/wp\/?p=91\"]}]},{\"@type\":\"ImageObject\",\"inLanguage\":\"fr-FR\",\"@id\":\"http:\/\/artisan-bois-sabots.fr\/wp\/?p=91#primaryimage\",\"url\":\"http:\/\/artisan-bois-sabots.fr\/wp\/wp-content\/uploads\/2014\/08\/danse.png\",\"contentUrl\":\"http:\/\/artisan-bois-sabots.fr\/wp\/wp-content\/uploads\/2014\/08\/danse.png\",\"width\":904,\"height\":859,\"caption\":\"groupe folklorique de la vall\u00e9e de Bethmale aux sabots pointus uniques au monde\"},{\"@type\":\"BreadcrumbList\",\"@id\":\"http:\/\/artisan-bois-sabots.fr\/wp\/?p=91#breadcrumb\",\"itemListElement\":[{\"@type\":\"ListItem\",\"position\":1,\"name\":\"Accueil\",\"item\":\"http:\/\/artisan-bois-sabots.fr\/wp\"},{\"@type\":\"ListItem\",\"position\":2,\"name\":\"Groupes folkloriques\"}]},{\"@type\":\"WebSite\",\"@id\":\"http:\/\/artisan-bois-sabots.fr\/wp\/#website\",\"url\":\"http:\/\/artisan-bois-sabots.fr\/wp\/\",\"name\":\"Pascal Jusot - Artisan sabotier\",\"description\":\"Sabots en bois - Ari\u00e8ge - Pyr\u00e9n\u00e9es\",\"potentialAction\":[{\"@type\":\"SearchAction\",\"target\":{\"@type\":\"EntryPoint\",\"urlTemplate\":\"http:\/\/artisan-bois-sabots.fr\/wp\/?s={search_term_string}\"},\"query-input\":\"required name=search_term_string\"}],\"inLanguage\":\"fr-FR\"},{\"@type\":\"Person\",\"@id\":\"http:\/\/artisan-bois-sabots.fr\/wp\/#\/schema\/person\/ebfbe943b67f98a260092d7f79fef693\",\"name\":\"admin\",\"image\":{\"@type\":\"ImageObject\",\"inLanguage\":\"fr-FR\",\"@id\":\"http:\/\/artisan-bois-sabots.fr\/wp\/#\/schema\/person\/image\/\",\"url\":\"http:\/\/0.gravatar.com\/avatar\/0e2a922ee507c3bcc3783511a5deb15a?s=96&d=mm&r=g\",\"contentUrl\":\"http:\/\/0.gravatar.com\/avatar\/0e2a922ee507c3bcc3783511a5deb15a?s=96&d=mm&r=g\",\"caption\":\"admin\"},\"url\":\"http:\/\/artisan-bois-sabots.fr\/wp\/?author=1\"}]}<\/script>\n<!-- \/ Yoast SEO plugin. -->","yoast_head_json":{"title":"Groupes folkloriques - Pascal Jusot - Artisan sabotier","description":"Les groupes folkloriques du Couserans sont le t\u00e9moignage d'une culture populaire tr\u00e8s vivante dans les Pyr\u00e9n\u00e9es. Ils animent de nombreuses manifestations dans nos vall\u00e9es.","robots":{"index":"index","follow":"follow","max-snippet":"max-snippet:-1","max-image-preview":"max-image-preview:large","max-video-preview":"max-video-preview:-1"},"canonical":"http:\/\/artisan-bois-sabots.fr\/wp\/?p=91","og_locale":"fr_FR","og_type":"article","og_title":"Groupes folkloriques - Pascal Jusot - Artisan sabotier","og_description":"Les groupes folkloriques du Couserans sont le t\u00e9moignage d'une culture populaire tr\u00e8s vivante dans les Pyr\u00e9n\u00e9es. Ils animent de nombreuses manifestations dans nos vall\u00e9es.","og_url":"http:\/\/artisan-bois-sabots.fr\/wp\/?p=91","og_site_name":"Pascal Jusot - Artisan sabotier","article_published_time":"2014-04-21T13:15:07+00:00","article_modified_time":"2019-01-16T18:15:45+00:00","og_image":[{"width":904,"height":859,"url":"http:\/\/artisan-bois-sabots.fr\/wp\/wp-content\/uploads\/2014\/08\/danse.png","type":"image\/png"}],"author":"admin","twitter_misc":{"\u00c9crit par":"admin"},"schema":{"@context":"https:\/\/schema.org","@graph":[{"@type":"WebPage","@id":"http:\/\/artisan-bois-sabots.fr\/wp\/?p=91","url":"http:\/\/artisan-bois-sabots.fr\/wp\/?p=91","name":"Groupes folkloriques - Pascal Jusot - Artisan sabotier","isPartOf":{"@id":"http:\/\/artisan-bois-sabots.fr\/wp\/#website"},"primaryImageOfPage":{"@id":"http:\/\/artisan-bois-sabots.fr\/wp\/?p=91#primaryimage"},"image":{"@id":"http:\/\/artisan-bois-sabots.fr\/wp\/?p=91#primaryimage"},"thumbnailUrl":"http:\/\/artisan-bois-sabots.fr\/wp\/wp-content\/uploads\/2014\/08\/danse.png","datePublished":"2014-04-21T13:15:07+00:00","dateModified":"2019-01-16T18:15:45+00:00","author":{"@id":"http:\/\/artisan-bois-sabots.fr\/wp\/#\/schema\/person\/ebfbe943b67f98a260092d7f79fef693"},"description":"Les groupes folkloriques du Couserans sont le t\u00e9moignage d'une culture populaire tr\u00e8s vivante dans les Pyr\u00e9n\u00e9es. Ils animent de nombreuses manifestations dans nos vall\u00e9es.","breadcrumb":{"@id":"http:\/\/artisan-bois-sabots.fr\/wp\/?p=91#breadcrumb"},"inLanguage":"fr-FR","potentialAction":[{"@type":"ReadAction","target":["http:\/\/artisan-bois-sabots.fr\/wp\/?p=91"]}]},{"@type":"ImageObject","inLanguage":"fr-FR","@id":"http:\/\/artisan-bois-sabots.fr\/wp\/?p=91#primaryimage","url":"http:\/\/artisan-bois-sabots.fr\/wp\/wp-content\/uploads\/2014\/08\/danse.png","contentUrl":"http:\/\/artisan-bois-sabots.fr\/wp\/wp-content\/uploads\/2014\/08\/danse.png","width":904,"height":859,"caption":"groupe folklorique de la vall\u00e9e de Bethmale aux sabots pointus uniques au monde"},{"@type":"BreadcrumbList","@id":"http:\/\/artisan-bois-sabots.fr\/wp\/?p=91#breadcrumb","itemListElement":[{"@type":"ListItem","position":1,"name":"Accueil","item":"http:\/\/artisan-bois-sabots.fr\/wp"},{"@type":"ListItem","position":2,"name":"Groupes folkloriques"}]},{"@type":"WebSite","@id":"http:\/\/artisan-bois-sabots.fr\/wp\/#website","url":"http:\/\/artisan-bois-sabots.fr\/wp\/","name":"Pascal Jusot - Artisan sabotier","description":"Sabots en bois - Ari\u00e8ge - Pyr\u00e9n\u00e9es","potentialAction":[{"@type":"SearchAction","target":{"@type":"EntryPoint","urlTemplate":"http:\/\/artisan-bois-sabots.fr\/wp\/?s={search_term_string}"},"query-input":"required name=search_term_string"}],"inLanguage":"fr-FR"},{"@type":"Person","@id":"http:\/\/artisan-bois-sabots.fr\/wp\/#\/schema\/person\/ebfbe943b67f98a260092d7f79fef693","name":"admin","image":{"@type":"ImageObject","inLanguage":"fr-FR","@id":"http:\/\/artisan-bois-sabots.fr\/wp\/#\/schema\/person\/image\/","url":"http:\/\/0.gravatar.com\/avatar\/0e2a922ee507c3bcc3783511a5deb15a?s=96&d=mm&r=g","contentUrl":"http:\/\/0.gravatar.com\/avatar\/0e2a922ee507c3bcc3783511a5deb15a?s=96&d=mm&r=g","caption":"admin"},"url":"http:\/\/artisan-bois-sabots.fr\/wp\/?author=1"}]}},"_links":{"self":[{"href":"http:\/\/artisan-bois-sabots.fr\/wp\/index.php?rest_route=\/wp\/v2\/posts\/91"}],"collection":[{"href":"http:\/\/artisan-bois-sabots.fr\/wp\/index.php?rest_route=\/wp\/v2\/posts"}],"about":[{"href":"http:\/\/artisan-bois-sabots.fr\/wp\/index.php?rest_route=\/wp\/v2\/types\/post"}],"author":[{"embeddable":true,"href":"http:\/\/artisan-bois-sabots.fr\/wp\/index.php?rest_route=\/wp\/v2\/users\/1"}],"replies":[{"embeddable":true,"href":"http:\/\/artisan-bois-sabots.fr\/wp\/index.php?rest_route=%2Fwp%2Fv2%2Fcomments&post=91"}],"version-history":[{"count":12,"href":"http:\/\/artisan-bois-sabots.fr\/wp\/index.php?rest_route=\/wp\/v2\/posts\/91\/revisions"}],"predecessor-version":[{"id":1376,"href":"http:\/\/artisan-bois-sabots.fr\/wp\/index.php?rest_route=\/wp\/v2\/posts\/91\/revisions\/1376"}],"wp:featuredmedia":[{"embeddable":true,"href":"http:\/\/artisan-bois-sabots.fr\/wp\/index.php?rest_route=\/wp\/v2\/media\/268"}],"wp:attachment":[{"href":"http:\/\/artisan-bois-sabots.fr\/wp\/index.php?rest_route=%2Fwp%2Fv2%2Fmedia&parent=91"}],"wp:term":[{"taxonomy":"category","embeddable":true,"href":"http:\/\/artisan-bois-sabots.fr\/wp\/index.php?rest_route=%2Fwp%2Fv2%2Fcategories&post=91"},{"taxonomy":"post_tag","embeddable":true,"href":"http:\/\/artisan-bois-sabots.fr\/wp\/index.php?rest_route=%2Fwp%2Fv2%2Ftags&post=91"}],"curies":[{"name":"wp","href":"https:\/\/api.w.org\/{rel}","templated":true}]}}